{"id":1028,"date":"2019-09-18T16:56:59","date_gmt":"2019-09-18T14:56:59","guid":{"rendered":"https:\/\/www.kyudo-montpellier.fr\/?p=1028"},"modified":"2019-09-18T17:04:41","modified_gmt":"2019-09-18T15:04:41","slug":"journees-dinitiation-2019","status":"publish","type":"post","link":"https:\/\/www.kyudo-montpellier.fr\/fr\/2019\/09\/18\/journees-dinitiation-2019\/","title":{"rendered":"Journ\u00e9es d&rsquo;initiation 2019"},"content":{"rendered":"<p><img loading=\"lazy\" decoding=\"async\" class=\"alignnone size-full wp-image-140\" src=\"http:\/\/www.kyudo-montpellier.fr\/wp-content\/uploads\/2013\/09\/DSC3921w.jpg\" alt=\"_DSC3921w\" width=\"920\" height=\"614\" srcset=\"https:\/\/www.kyudo-montpellier.fr\/wp-content\/uploads\/2013\/09\/DSC3921w.jpg 920w, https:\/\/www.kyudo-montpellier.fr\/wp-content\/uploads\/2013\/09\/DSC3921w-300x200.jpg 300w\" sizes=\"auto, (max-width: 920px) 100vw, 920px\" \/><\/p>\n<p>La nouvelle saison 2019-2020 d\u00e9bute et avec elle nos traditionnelles journ\u00e9es d&rsquo;initiation.<\/p>\n<p>Ces journ\u00e9es se d\u00e9rouleront les 28 septembre et 19 octobre 2019 au Gymnase de l&rsquo;Assomption (9H-16H)<br \/>\n(Vous retrouverez les adresses et les informations d&rsquo;acc\u00e8s de nos lieux de pratique sur<a href=\"http:\/\/www.kyudo-montpellier.fr\/lieux-de-pratique\/\"> cette page<\/a>).<\/p>\n<p>Uniquement sur pr\u00e9-inscription,<br \/>\n&#8211; en envoyant un email \u00e0 :\u00a0<a href=\"mailto:secretariat@kyudo-montpellier.fr\" target=\"_blank\" rel=\"noopener\">secretariat@kyudo-montpellier.<wbr><\/wbr>fr<\/a><br \/>\n&#8211; et\/ou en s&rsquo;inscrivant ici (merci d&rsquo;indiquer votre e-mail pour pouvoir<br \/>\n\u00eatre recontact\u00e9\/e): <a href=\"http:\/\/www.zoutch.com\/uf22nanj177i4c6\" target=\"_blank\" rel=\"noopener noreferrer\" data-saferedirecturl=\"https:\/\/www.google.com\/url?q=http:\/\/www.zoutch.com\/uf22nanj177i4c6&amp;source=gmail&amp;ust=1568899136419000&amp;usg=AFQjCNHRcngj2hFpBmcpeaTHuFMMXO0VJg\">http:\/\/www.zoutch.com\/uf22nanj<wbr><\/wbr>177i4c6<\/a><\/p>\n<p>Une participation aux frais de 10\u20ac est demand\u00e9e.<br \/>\nTenue de sport confortable (jambes couvertes, manches courtes, les<br \/>\nexercices se font en chaussettes).<\/p>\n<p>A tr\u00e8s bient\u00f4t !<\/p>","protected":false},"excerpt":{"rendered":"<p>La nouvelle saison 2019-2020 d\u00e9bute et avec elle nos traditionnelles journ\u00e9es d&rsquo;initiation. Ces journ\u00e9es se d\u00e9rouleront les 28 septembre et 19 octobre 2019 au Gymnase de l&rsquo;Assomption (9H-16H) (Vous retrouverez les adresses et les informations d&rsquo;acc\u00e8s de nos lieux de pratique sur cette page). Uniquement sur pr\u00e9-inscription, &#8211; en envoyant un email \u00e0 :\u00a0secretariat@kyudo-montpellier.fr &#8211; [&hellip;]<\/p>\n","protected":false},"author":2,"featured_media":0,"comment_status":"open","ping_status":"open","sticky":false,"template":"","format":"standard","meta":{"_crdt_document":"","footnotes":""},"categories":[4],"tags":[],"class_list":["post-1028","post","type-post","status-publish","format-standard","hentry","category-agenda"],"yoast_head":"<!-- This site is optimized with the Yoast SEO plugin v26.8 - https:\/\/yoast.com\/product\/yoast-seo-wordpress\/ -->\n<title>Journ\u00e9es d&#039;initiation 2019 - Association Languedocienne de Kyudo<\/title>\n<meta name=\"robots\" content=\"index, follow, max-snippet:-1, max-image-preview:large, max-video-preview:-1\" \/>\n<link rel=\"canonical\" href=\"https:\/\/www.kyudo-montpellier.fr\/fr\/2019\/09\/18\/journees-dinitiation-2019\/\" \/>\n<meta property=\"og:locale\" content=\"fr_FR\" \/>\n<meta property=\"og:type\" content=\"article\" \/>\n<meta property=\"og:title\" content=\"Journ\u00e9es d&#039;initiation 2019 - Association Languedocienne de Kyudo\" \/>\n<meta property=\"og:description\" content=\"La nouvelle saison 2019-2020 d\u00e9bute et avec elle nos traditionnelles journ\u00e9es d&rsquo;initiation. Ces journ\u00e9es se d\u00e9rouleront les 28 septembre et 19 octobre 2019 au Gymnase de l&rsquo;Assomption (9H-16H) (Vous retrouverez les adresses et les informations d&rsquo;acc\u00e8s de nos lieux de pratique sur cette page). Uniquement sur pr\u00e9-inscription, &#8211; en envoyant un email \u00e0 :\u00a0secretariat@kyudo-montpellier.fr &#8211; [&hellip;]\" \/>\n<meta property=\"og:url\" content=\"https:\/\/www.kyudo-montpellier.fr\/2019\/09\/18\/journees-dinitiation-2019\/\" \/>\n<meta property=\"og:site_name\" content=\"Association Languedocienne de Kyudo\" \/>\n<meta property=\"article:published_time\" content=\"2019-09-18T14:56:59+00:00\" \/>\n<meta property=\"article:modified_time\" content=\"2019-09-18T15:04:41+00:00\" \/>\n<meta property=\"og:image\" content=\"http:\/\/www.kyudo-montpellier.fr\/wp-content\/uploads\/2013\/09\/DSC3921w.jpg\" \/>\n<meta name=\"author\" content=\"lozere48\" \/>\n<meta name=\"twitter:card\" content=\"summary_large_image\" \/>\n<meta name=\"twitter:creator\" content=\"@ALK_kyudo\" \/>\n<meta name=\"twitter:site\" content=\"@ALK_kyudo\" \/>\n<meta name=\"twitter:label1\" content=\"\u00c9crit par\" \/>\n\t<meta name=\"twitter:data1\" content=\"lozere48\" \/>\n\t<meta name=\"twitter:label2\" content=\"Dur\u00e9e de lecture estim\u00e9e\" \/>\n\t<meta name=\"twitter:data2\" content=\"1 minute\" \/>\n<script type=\"application\/ld+json\" class=\"yoast-schema-graph\">{\"@context\":\"https:\/\/schema.org\",\"@graph\":[{\"@type\":\"Article\",\"@id\":\"https:\/\/www.kyudo-montpellier.fr\/2019\/09\/18\/journees-dinitiation-2019\/#article\",\"isPartOf\":{\"@id\":\"https:\/\/www.kyudo-montpellier.fr\/2019\/09\/18\/journees-dinitiation-2019\/\"},\"author\":{\"name\":\"lozere48\",\"@id\":\"https:\/\/www.kyudo-montpellier.fr\/#\/schema\/person\/4e550a5bad754f5ad7250ad2dfa35a08\"},\"headline\":\"Journ\u00e9es d&rsquo;initiation 2019\",\"datePublished\":\"2019-09-18T14:56:59+00:00\",\"dateModified\":\"2019-09-18T15:04:41+00:00\",\"mainEntityOfPage\":{\"@id\":\"https:\/\/www.kyudo-montpellier.fr\/2019\/09\/18\/journees-dinitiation-2019\/\"},\"wordCount\":120,\"commentCount\":0,\"image\":{\"@id\":\"https:\/\/www.kyudo-montpellier.fr\/2019\/09\/18\/journees-dinitiation-2019\/#primaryimage\"},\"thumbnailUrl\":\"http:\/\/www.kyudo-montpellier.fr\/wp-content\/uploads\/2013\/09\/DSC3921w.jpg\",\"articleSection\":[\"Stages et Tournois\"],\"inLanguage\":\"fr-FR\",\"potentialAction\":[{\"@type\":\"CommentAction\",\"name\":\"Comment\",\"target\":[\"https:\/\/www.kyudo-montpellier.fr\/2019\/09\/18\/journees-dinitiation-2019\/#respond\"]}]},{\"@type\":\"WebPage\",\"@id\":\"https:\/\/www.kyudo-montpellier.fr\/2019\/09\/18\/journees-dinitiation-2019\/\",\"url\":\"https:\/\/www.kyudo-montpellier.fr\/2019\/09\/18\/journees-dinitiation-2019\/\",\"name\":\"Journ\u00e9es d'initiation 2019 - Association Languedocienne de Kyudo\",\"isPartOf\":{\"@id\":\"https:\/\/www.kyudo-montpellier.fr\/#website\"},\"primaryImageOfPage\":{\"@id\":\"https:\/\/www.kyudo-montpellier.fr\/2019\/09\/18\/journees-dinitiation-2019\/#primaryimage\"},\"image\":{\"@id\":\"https:\/\/www.kyudo-montpellier.fr\/2019\/09\/18\/journees-dinitiation-2019\/#primaryimage\"},\"thumbnailUrl\":\"http:\/\/www.kyudo-montpellier.fr\/wp-content\/uploads\/2013\/09\/DSC3921w.jpg\",\"datePublished\":\"2019-09-18T14:56:59+00:00\",\"dateModified\":\"2019-09-18T15:04:41+00:00\",\"author\":{\"@id\":\"https:\/\/www.kyudo-montpellier.fr\/#\/schema\/person\/4e550a5bad754f5ad7250ad2dfa35a08\"},\"breadcrumb\":{\"@id\":\"https:\/\/www.kyudo-montpellier.fr\/2019\/09\/18\/journees-dinitiation-2019\/#breadcrumb\"},\"inLanguage\":\"fr-FR\",\"potentialAction\":[{\"@type\":\"ReadAction\",\"target\":[\"https:\/\/www.kyudo-montpellier.fr\/2019\/09\/18\/journees-dinitiation-2019\/\"]}]},{\"@type\":\"ImageObject\",\"inLanguage\":\"fr-FR\",\"@id\":\"https:\/\/www.kyudo-montpellier.fr\/2019\/09\/18\/journees-dinitiation-2019\/#primaryimage\",\"url\":\"http:\/\/www.kyudo-montpellier.fr\/wp-content\/uploads\/2013\/09\/DSC3921w.jpg\",\"contentUrl\":\"http:\/\/www.kyudo-montpellier.fr\/wp-content\/uploads\/2013\/09\/DSC3921w.jpg\"},{\"@type\":\"BreadcrumbList\",\"@id\":\"https:\/\/www.kyudo-montpellier.fr\/2019\/09\/18\/journees-dinitiation-2019\/#breadcrumb\",\"itemListElement\":[{\"@type\":\"ListItem\",\"position\":1,\"name\":\"Accueil\",\"item\":\"https:\/\/www.kyudo-montpellier.fr\/\"},{\"@type\":\"ListItem\",\"position\":2,\"name\":\"Journ\u00e9es d&rsquo;initiation 2019\"}]},{\"@type\":\"WebSite\",\"@id\":\"https:\/\/www.kyudo-montpellier.fr\/#website\",\"url\":\"https:\/\/www.kyudo-montpellier.fr\/\",\"name\":\"Association Languedocienne de Kyudo\",\"description\":\"\",\"potentialAction\":[{\"@type\":\"SearchAction\",\"target\":{\"@type\":\"EntryPoint\",\"urlTemplate\":\"https:\/\/www.kyudo-montpellier.fr\/?s={search_term_string}\"},\"query-input\":{\"@type\":\"PropertyValueSpecification\",\"valueRequired\":true,\"valueName\":\"search_term_string\"}}],\"inLanguage\":\"fr-FR\"},{\"@type\":\"Person\",\"@id\":\"https:\/\/www.kyudo-montpellier.fr\/#\/schema\/person\/4e550a5bad754f5ad7250ad2dfa35a08\",\"name\":\"lozere48\",\"image\":{\"@type\":\"ImageObject\",\"inLanguage\":\"fr-FR\",\"@id\":\"https:\/\/www.kyudo-montpellier.fr\/#\/schema\/person\/image\/\",\"url\":\"https:\/\/secure.gravatar.com\/avatar\/ef76b554394feb6fe7ec7598bda4e555759497b7ab89c0b4b77929a4124eb408?s=96&d=mm&r=g\",\"contentUrl\":\"https:\/\/secure.gravatar.com\/avatar\/ef76b554394feb6fe7ec7598bda4e555759497b7ab89c0b4b77929a4124eb408?s=96&d=mm&r=g\",\"caption\":\"lozere48\"},\"url\":\"https:\/\/www.kyudo-montpellier.fr\/fr\/author\/luc\/\"}]}<\/script>\n<!-- \/ Yoast SEO plugin. -->","yoast_head_json":{"title":"Journ\u00e9es d'initiation 2019 - Association Languedocienne de Kyudo","robots":{"index":"index","follow":"follow","max-snippet":"max-snippet:-1","max-image-preview":"max-image-preview:large","max-video-preview":"max-video-preview:-1"},"canonical":"https:\/\/www.kyudo-montpellier.fr\/fr\/2019\/09\/18\/journees-dinitiation-2019\/","og_locale":"fr_FR","og_type":"article","og_title":"Journ\u00e9es d'initiation 2019 - Association Languedocienne de Kyudo","og_description":"La nouvelle saison 2019-2020 d\u00e9bute et avec elle nos traditionnelles journ\u00e9es d&rsquo;initiation. Ces journ\u00e9es se d\u00e9rouleront les 28 septembre et 19 octobre 2019 au Gymnase de l&rsquo;Assomption (9H-16H) (Vous retrouverez les adresses et les informations d&rsquo;acc\u00e8s de nos lieux de pratique sur cette page). Uniquement sur pr\u00e9-inscription, &#8211; en envoyant un email \u00e0 :\u00a0secretariat@kyudo-montpellier.fr &#8211; [&hellip;]","og_url":"https:\/\/www.kyudo-montpellier.fr\/2019\/09\/18\/journees-dinitiation-2019\/","og_site_name":"Association Languedocienne de Kyudo","article_published_time":"2019-09-18T14:56:59+00:00","article_modified_time":"2019-09-18T15:04:41+00:00","og_image":[{"url":"http:\/\/www.kyudo-montpellier.fr\/wp-content\/uploads\/2013\/09\/DSC3921w.jpg","type":"","width":"","height":""}],"author":"lozere48","twitter_card":"summary_large_image","twitter_creator":"@ALK_kyudo","twitter_site":"@ALK_kyudo","twitter_misc":{"\u00c9crit par":"lozere48","Dur\u00e9e de lecture estim\u00e9e":"1 minute"},"schema":{"@context":"https:\/\/schema.org","@graph":[{"@type":"Article","@id":"https:\/\/www.kyudo-montpellier.fr\/2019\/09\/18\/journees-dinitiation-2019\/#article","isPartOf":{"@id":"https:\/\/www.kyudo-montpellier.fr\/2019\/09\/18\/journees-dinitiation-2019\/"},"author":{"name":"lozere48","@id":"https:\/\/www.kyudo-montpellier.fr\/#\/schema\/person\/4e550a5bad754f5ad7250ad2dfa35a08"},"headline":"Journ\u00e9es d&rsquo;initiation 2019","datePublished":"2019-09-18T14:56:59+00:00","dateModified":"2019-09-18T15:04:41+00:00","mainEntityOfPage":{"@id":"https:\/\/www.kyudo-montpellier.fr\/2019\/09\/18\/journees-dinitiation-2019\/"},"wordCount":120,"commentCount":0,"image":{"@id":"https:\/\/www.kyudo-montpellier.fr\/2019\/09\/18\/journees-dinitiation-2019\/#primaryimage"},"thumbnailUrl":"http:\/\/www.kyudo-montpellier.fr\/wp-content\/uploads\/2013\/09\/DSC3921w.jpg","articleSection":["Stages et Tournois"],"inLanguage":"fr-FR","potentialAction":[{"@type":"CommentAction","name":"Comment","target":["https:\/\/www.kyudo-montpellier.fr\/2019\/09\/18\/journees-dinitiation-2019\/#respond"]}]},{"@type":"WebPage","@id":"https:\/\/www.kyudo-montpellier.fr\/2019\/09\/18\/journees-dinitiation-2019\/","url":"https:\/\/www.kyudo-montpellier.fr\/2019\/09\/18\/journees-dinitiation-2019\/","name":"Journ\u00e9es d'initiation 2019 - Association Languedocienne de Kyudo","isPartOf":{"@id":"https:\/\/www.kyudo-montpellier.fr\/#website"},"primaryImageOfPage":{"@id":"https:\/\/www.kyudo-montpellier.fr\/2019\/09\/18\/journees-dinitiation-2019\/#primaryimage"},"image":{"@id":"https:\/\/www.kyudo-montpellier.fr\/2019\/09\/18\/journees-dinitiation-2019\/#primaryimage"},"thumbnailUrl":"http:\/\/www.kyudo-montpellier.fr\/wp-content\/uploads\/2013\/09\/DSC3921w.jpg","datePublished":"2019-09-18T14:56:59+00:00","dateModified":"2019-09-18T15:04:41+00:00","author":{"@id":"https:\/\/www.kyudo-montpellier.fr\/#\/schema\/person\/4e550a5bad754f5ad7250ad2dfa35a08"},"breadcrumb":{"@id":"https:\/\/www.kyudo-montpellier.fr\/2019\/09\/18\/journees-dinitiation-2019\/#breadcrumb"},"inLanguage":"fr-FR","potentialAction":[{"@type":"ReadAction","target":["https:\/\/www.kyudo-montpellier.fr\/2019\/09\/18\/journees-dinitiation-2019\/"]}]},{"@type":"ImageObject","inLanguage":"fr-FR","@id":"https:\/\/www.kyudo-montpellier.fr\/2019\/09\/18\/journees-dinitiation-2019\/#primaryimage","url":"http:\/\/www.kyudo-montpellier.fr\/wp-content\/uploads\/2013\/09\/DSC3921w.jpg","contentUrl":"http:\/\/www.kyudo-montpellier.fr\/wp-content\/uploads\/2013\/09\/DSC3921w.jpg"},{"@type":"BreadcrumbList","@id":"https:\/\/www.kyudo-montpellier.fr\/2019\/09\/18\/journees-dinitiation-2019\/#breadcrumb","itemListElement":[{"@type":"ListItem","position":1,"name":"Accueil","item":"https:\/\/www.kyudo-montpellier.fr\/"},{"@type":"ListItem","position":2,"name":"Journ\u00e9es d&rsquo;initiation 2019"}]},{"@type":"WebSite","@id":"https:\/\/www.kyudo-montpellier.fr\/#website","url":"https:\/\/www.kyudo-montpellier.fr\/","name":"Association Languedocienne de Kyudo","description":"","potentialAction":[{"@type":"SearchAction","target":{"@type":"EntryPoint","urlTemplate":"https:\/\/www.kyudo-montpellier.fr\/?s={search_term_string}"},"query-input":{"@type":"PropertyValueSpecification","valueRequired":true,"valueName":"search_term_string"}}],"inLanguage":"fr-FR"},{"@type":"Person","@id":"https:\/\/www.kyudo-montpellier.fr\/#\/schema\/person\/4e550a5bad754f5ad7250ad2dfa35a08","name":"lozere48","image":{"@type":"ImageObject","inLanguage":"fr-FR","@id":"https:\/\/www.kyudo-montpellier.fr\/#\/schema\/person\/image\/","url":"https:\/\/secure.gravatar.com\/avatar\/ef76b554394feb6fe7ec7598bda4e555759497b7ab89c0b4b77929a4124eb408?s=96&d=mm&r=g","contentUrl":"https:\/\/secure.gravatar.com\/avatar\/ef76b554394feb6fe7ec7598bda4e555759497b7ab89c0b4b77929a4124eb408?s=96&d=mm&r=g","caption":"lozere48"},"url":"https:\/\/www.kyudo-montpellier.fr\/fr\/author\/luc\/"}]}},"_links":{"self":[{"href":"https:\/\/www.kyudo-montpellier.fr\/fr\/wp-json\/wp\/v2\/posts\/1028","targetHints":{"allow":["GET"]}}],"collection":[{"href":"https:\/\/www.kyudo-montpellier.fr\/fr\/wp-json\/wp\/v2\/posts"}],"about":[{"href":"https:\/\/www.kyudo-montpellier.fr\/fr\/wp-json\/wp\/v2\/types\/post"}],"author":[{"embeddable":true,"href":"https:\/\/www.kyudo-montpellier.fr\/fr\/wp-json\/wp\/v2\/users\/2"}],"replies":[{"embeddable":true,"href":"https:\/\/www.kyudo-montpellier.fr\/fr\/wp-json\/wp\/v2\/comments?post=1028"}],"version-history":[{"count":5,"href":"https:\/\/www.kyudo-montpellier.fr\/fr\/wp-json\/wp\/v2\/posts\/1028\/revisions"}],"predecessor-version":[{"id":1033,"href":"https:\/\/www.kyudo-montpellier.fr\/fr\/wp-json\/wp\/v2\/posts\/1028\/revisions\/1033"}],"wp:attachment":[{"href":"https:\/\/www.kyudo-montpellier.fr\/fr\/wp-json\/wp\/v2\/media?parent=1028"}],"wp:term":[{"taxonomy":"category","embeddable":true,"href":"https:\/\/www.kyudo-montpellier.fr\/fr\/wp-json\/wp\/v2\/categories?post=1028"},{"taxonomy":"post_tag","embeddable":true,"href":"https:\/\/www.kyudo-montpellier.fr\/fr\/wp-json\/wp\/v2\/tags?post=1028"}],"curies":[{"name":"wp","href":"https:\/\/api.w.org\/{rel}","templated":true}]}}